{"id":604,"date":"2022-05-03T16:31:10","date_gmt":"2022-05-03T14:31:10","guid":{"rendered":"https:\/\/avenir-formation.fr\/accueil\/?p=604"},"modified":"2022-05-19T13:50:18","modified_gmt":"2022-05-19T11:50:18","slug":"prepa-code","status":"publish","type":"post","link":"https:\/\/avenir-formation.fr\/accueil\/prepa-code\/","title":{"rendered":"Formations 2022 : \u00ab Savoirs de base en vue de la pr\u00e9paration du Code et du Permis de Conduire \u00bb"},"content":{"rendered":"\n<p>Depuis sa cr\u00e9ation, Avenir \u00ab\u00a0former pour devenir\u00a0\u00bb s&rsquo;est toujours adapt\u00e9 aux besoins des structures de l&rsquo;insertion par l&rsquo;activit\u00e9 \u00e9conomique. <\/p>\n\n\n\n<p>O\u00f9 trouver une formation : <\/p>\n\n\n\n<ul class=\"wp-block-list\"><li> qui convienne au rythme des structures d&rsquo;insertion ?<\/li><li>qui permette aux salari\u00e9s allophones d&rsquo;acc\u00e9der \u00e0 la pr\u00e9paration du code et du permis de conduire ?<\/li><li>par un organisme de formation certifi\u00e9 Qualiopi ?<\/li><li>dont les formateurs connaissent nos publics et nos structures ? <\/li><\/ul>\n\n\n<style>#kt-layout-id_63ed85-43 > .kt-row-column-wrap{align-content:start;}:where(#kt-layout-id_63ed85-43 > .kt-row-column-wrap) > .wp-block-kadence-column{justify-content:start;}#kt-layout-id_63ed85-43 > .kt-row-column-wrap{column-gap:var(--global-kb-gap-md, 2rem);row-gap:var(--global-kb-gap-md, 2rem);padding-top:var( --global-kb-row-default-top, 25px );padding-bottom:var( --global-kb-row-default-bottom, 25px );padding-top:0px;padding-bottom:9px;grid-template-columns:repeat(2, minmax(0, 1fr));}#kt-layout-id_63ed85-43 > .kt-row-layout-overlay{opacity:0.30;}@media all and (max-width: 1024px){#kt-layout-id_63ed85-43 > .kt-row-column-wrap{grid-template-columns:repeat(2, minmax(0, 1fr));}}@media all and (max-width: 767px){#kt-layout-id_63ed85-43 > .kt-row-column-wrap{grid-template-columns:minmax(0, 1fr);}}<\/style>\n<div class=\"wp-block-kadence-rowlayout alignnone\"><div id=\"kt-layout-id_63ed85-43\" class=\"kt-row-layout-inner kt-layout-id_63ed85-43\"><div class=\"kt-row-column-wrap kt-has-2-columns kt-gutter-default kt-v-gutter-default kt-row-valign-top kt-row-layout-equal kt-tab-layout-inherit kt-m-colapse-left-to-right kt-mobile-layout-row\"><style>.kadence-column_8dd6d5-d3 > .kt-inside-inner-col{border-top-width:0px;border-right-width:0px;border-bottom-width:0px;border-left-width:0px;}.kadence-column_8dd6d5-d3 > .kt-inside-inner-col,.kadence-column_8dd6d5-d3 > .kt-inside-inner-col:before{border-top-left-radius:0px;border-top-right-radius:0px;border-bottom-right-radius:0px;border-bottom-left-radius:0px;}.kadence-column_8dd6d5-d3 > .kt-inside-inner-col{column-gap:var(--global-kb-gap-sm, 1rem);}.kadence-column_8dd6d5-d3 > .kt-inside-inner-col{flex-direction:column;}.kadence-column_8dd6d5-d3 > .kt-inside-inner-col > .aligncenter{width:100%;}.kadence-column_8dd6d5-d3 > .kt-inside-inner-col:before{opacity:0.3;}.kadence-column_8dd6d5-d3{position:relative;}@media all and (max-width: 1024px){.kadence-column_8dd6d5-d3 > .kt-inside-inner-col{flex-direction:column;justify-content:center;}}@media all and (max-width: 767px){.kadence-column_8dd6d5-d3 > .kt-inside-inner-col{flex-direction:column;justify-content:center;}}<\/style>\n<div class=\"wp-block-kadence-column inner-column-1 kadence-column_8dd6d5-d3\"><div class=\"kt-inside-inner-col\"><style>.kb-image_a3453c-2a:not(.kb-image-is-ratio-size) .kb-img, .kb-image_a3453c-2a.kb-image-is-ratio-size{padding-top:25px;}.kb-image_a3453c-2a .kb-image-has-overlay:after{opacity:0.3;}<\/style>\n<figure class=\"wp-block-kadence-image kb-image_a3453c-2a size-large\"><img loading=\"lazy\" decoding=\"async\" width=\"1024\" height=\"696\" src=\"https:\/\/avenir-formation.fr\/wp-content\/uploads\/2022\/03\/Prepa-code-1024x696.png\" alt=\"\" class=\"kb-img wp-image-357\"\/><\/figure>\n<\/div><\/div>\n\n\n<style>.kadence-column_3c1640-10 > .kt-inside-inner-col{border-top-width:0px;border-right-width:0px;border-bottom-width:0px;border-left-width:0px;}.kadence-column_3c1640-10 > .kt-inside-inner-col,.kadence-column_3c1640-10 > .kt-inside-inner-col:before{border-top-left-radius:0px;border-top-right-radius:0px;border-bottom-right-radius:0px;border-bottom-left-radius:0px;}.kadence-column_3c1640-10 > .kt-inside-inner-col{column-gap:var(--global-kb-gap-sm, 1rem);}.kadence-column_3c1640-10 > .kt-inside-inner-col{flex-direction:column;}.kadence-column_3c1640-10 > .kt-inside-inner-col > .aligncenter{width:100%;}.kadence-column_3c1640-10 > .kt-inside-inner-col:before{opacity:0.3;}.kadence-column_3c1640-10{position:relative;}@media all and (max-width: 1024px){.kadence-column_3c1640-10 > .kt-inside-inner-col{flex-direction:column;justify-content:center;}}@media all and (max-width: 767px){.kadence-column_3c1640-10 > .kt-inside-inner-col{flex-direction:column;justify-content:center;}}<\/style>\n<div class=\"wp-block-kadence-column inner-column-2 kadence-column_3c1640-10\"><div class=\"kt-inside-inner-col\">\n<p>C&rsquo;est pour r\u00e9pondre \u00e0 cette demande qu&rsquo;en janvier 2022, nous avons int\u00e9gr\u00e9 \u00e0 notre catalogue la formation \u00ab\u00a0Savoirs de base en vue de la pr\u00e9paration du Code et du Permis de conduire\u00a0\u00bb.<\/p>\n\n\n\n<p>Cinq journ\u00e9es de formation, six heures par journ\u00e9e permettent aux salari\u00e9s qui ont un niveau A1-A2 en fran\u00e7ais d&rsquo;acqu\u00e9rir des comp\u00e9tences lexicales et communicatives dans ce domaine.<\/p>\n<\/div><\/div>\n<\/div><\/div><\/div>\n\n\n\n<p>Cette formation ne se substitue pas \u00e0 la pr\u00e9paration classique du code de la route, elle la pr\u00e9c\u00e8de. Malgr\u00e9 les simplifications r\u00e9alis\u00e9es dans la r\u00e9daction des questions, le champ lexical de la circulation routi\u00e8re est particulier et n&rsquo;est pas abord\u00e9 exhaustivement dans une formation FLE classique. Il ne s&rsquo;acquiert pas non plus facilement par \u00ab\u00a0impr\u00e9gnation\u00a0\u00bb, comme cela se passe pour un Fran\u00e7ais dans son milieu familial. En outre, certaines formulations supposent de manier correctement la phrase complexe et les connecteurs logiques (l&rsquo;opposition, la restriction, la condition&#8230;), ce qui n&rsquo;est pas attendu avant le niveau B1. Cette formation permet donc aussi de progresser en FLE g\u00e9n\u00e9ral !<\/p>\n\n\n\n<p>Nous y abordons le lexique du v\u00e9hicule, de la signalisation horizontale et verticale, des voies de circulation, des man\u0153uvres, des dangers, des accidents et des infractions mais aussi le calcul d&rsquo;une distance de freinage ou des points grammaticaux comme le g\u00e9rondif, l&rsquo;obligation et l&rsquo;interdiction ou le but. <\/p>\n\n\n\n<p>L&rsquo;abondance de lexique \u00e0 assimiler nous a invit\u00e9es \u00e0 cr\u00e9er des supports vari\u00e9s, permettant de le m\u00e9moriser progressivement et d&rsquo;en conserver des traces \u00e9crites. Nous passons aussi du temps dans l&rsquo;environnement du lieu de formation pour observer le v\u00e9hicule de la formatrice ou les signalisations horizontales et verticales pr\u00e9sentes. Nous utilisons aussi des tests du code de la route comme supports d&rsquo;entra\u00eenement progressifs. <\/p>\n\n\n\n<p>Comme toutes nos formations au catalogue, celle-ci est \u00e9ligible au remboursement par l&rsquo;OPCO. Contactez-nous pour \u00e9tablir votre offre de formation au plus pr\u00e8s de vos besoins. <\/p>\n\n\n\n<p>Retrouvez ici le programme complet : <\/p>\n\n\n\n<div data-wp-interactive=\"core\/file\" class=\"wp-block-file\"><object data-wp-bind--hidden=\"!state.hasPdfPreview\" hidden class=\"wp-block-file__embed\" data=\"https:\/\/avenir-formation.fr\/wp-content\/uploads\/2022\/05\/2022-programme-savoirs-de-base-code-et-permis-de-conduire.pdf\" type=\"application\/pdf\" style=\"width:100%;height:600px\" aria-label=\"Contenu embarqu\u00e9 Contenu embarqu\u00e9 2022-programme-savoirs-de-base-code-et-permis-de-conduire..\"><\/object><a id=\"wp-block-file--media-b498b2df-536b-41c9-8efb-e136df2b65ed\" href=\"https:\/\/avenir-formation.fr\/wp-content\/uploads\/2022\/05\/2022-programme-savoirs-de-base-code-et-permis-de-conduire.pdf\">2022-programme-savoirs-de-base-code-et-permis-de-conduire<\/a><a href=\"https:\/\/avenir-formation.fr\/wp-content\/uploads\/2022\/05\/2022-programme-savoirs-de-base-code-et-permis-de-conduire.pdf\" class=\"wp-block-file__button\" download aria-describedby=\"wp-block-file--media-b498b2df-536b-41c9-8efb-e136df2b65ed\">T\u00e9l\u00e9charger<\/a><\/div>\n\n\n\n<p><\/p>\n\n\n\n<figure class=\"wp-block-embed is-type-wp-embed is-provider-avenir-quot-former-pour-devenir-quot wp-block-embed-avenir-quot-former-pour-devenir-quot\"><div class=\"wp-block-embed__wrapper\">\n<blockquote class=\"wp-embedded-content\" data-secret=\"sJxk7RfFwy\"><a href=\"https:\/\/avenir-formation.fr\/accueil\/savoirs-de-base-en-vue-de-la-preparation-du-code-et-du-permis-de-conduire\/\">Savoirs de base en vue de la pr\u00e9paration du Code et du Permis de conduire<\/a><\/blockquote><iframe loading=\"lazy\" class=\"wp-embedded-content\" sandbox=\"allow-scripts\" security=\"restricted\" style=\"position: absolute; clip: rect(1px, 1px, 1px, 1px);\" title=\"\u00ab\u00a0Savoirs de base en vue de la pr\u00e9paration du Code et du Permis de conduire\u00a0\u00bb &#8212; Avenir &quot;former pour devenir&quot;\" src=\"https:\/\/avenir-formation.fr\/accueil\/savoirs-de-base-en-vue-de-la-preparation-du-code-et-du-permis-de-conduire\/embed\/#?secret=mTKK2xA8WI#?secret=sJxk7RfFwy\" data-secret=\"sJxk7RfFwy\" width=\"600\" height=\"338\" frameborder=\"0\" marginwidth=\"0\" marginheight=\"0\" scrolling=\"no\"><\/iframe>\n<\/div><\/figure>\n\n\n\n<p><\/p>\n\n\n\n<p><\/p>\n\n\n\n<p><\/p>\n","protected":false},"excerpt":{"rendered":"<p>Depuis sa cr\u00e9ation, Avenir \u00ab\u00a0former pour devenir\u00a0\u00bb s&rsquo;est toujours adapt\u00e9 aux besoins des structures de l&rsquo;insertion par l&rsquo;activit\u00e9 \u00e9conomique. O\u00f9 trouver une formation : qui convienne au rythme des structures d&rsquo;insertion ? qui permette aux salari\u00e9s allophones d&rsquo;acc\u00e9der \u00e0 la pr\u00e9paration du code et du permis de conduire ? par un organisme de formation certifi\u00e9&#8230;<\/p>\n","protected":false},"author":1,"featured_media":0,"comment_status":"open","ping_status":"open","sticky":false,"template":"","format":"standard","meta":{"_kad_post_transparent":"","_kad_post_title":"","_kad_post_layout":"","_kad_post_sidebar_id":"","_kad_post_content_style":"","_kad_post_vertical_padding":"","_kad_post_feature":"","_kad_post_feature_position":"","_kad_post_header":false,"_kad_post_footer":false,"_kad_post_classname":"","slim_seo":{"title":"Formations 2022 : \u00ab Savoirs de base en vue de la pr\u00e9paration du Code et du Permis de Conduire \u00bb - Avenir &quot;former pour devenir&quot;","description":"Depuis sa cr\u00e9ation, Avenir \"former pour devenir\" s'est toujours adapt\u00e9 aux besoins des structures de l'insertion par l'activit\u00e9 \u00e9conomique. O\u00f9 trouver une forma"},"footnotes":""},"categories":[6],"tags":[],"class_list":["post-604","post","type-post","status-publish","format-standard","hentry","category-nos-formations"],"_links":{"self":[{"href":"https:\/\/avenir-formation.fr\/accueil\/wp-json\/wp\/v2\/posts\/604","targetHints":{"allow":["GET"]}}],"collection":[{"href":"https:\/\/avenir-formation.fr\/accueil\/wp-json\/wp\/v2\/posts"}],"about":[{"href":"https:\/\/avenir-formation.fr\/accueil\/wp-json\/wp\/v2\/types\/post"}],"author":[{"embeddable":true,"href":"https:\/\/avenir-formation.fr\/accueil\/wp-json\/wp\/v2\/users\/1"}],"replies":[{"embeddable":true,"href":"https:\/\/avenir-formation.fr\/accueil\/wp-json\/wp\/v2\/comments?post=604"}],"version-history":[{"count":12,"href":"https:\/\/avenir-formation.fr\/accueil\/wp-json\/wp\/v2\/posts\/604\/revisions"}],"predecessor-version":[{"id":628,"href":"https:\/\/avenir-formation.fr\/accueil\/wp-json\/wp\/v2\/posts\/604\/revisions\/628"}],"wp:attachment":[{"href":"https:\/\/avenir-formation.fr\/accueil\/wp-json\/wp\/v2\/media?parent=604"}],"wp:term":[{"taxonomy":"category","embeddable":true,"href":"https:\/\/avenir-formation.fr\/accueil\/wp-json\/wp\/v2\/categories?post=604"},{"taxonomy":"post_tag","embeddable":true,"href":"https:\/\/avenir-formation.fr\/accueil\/wp-json\/wp\/v2\/tags?post=604"}],"curies":[{"name":"wp","href":"https:\/\/api.w.org\/{rel}","templated":true}]}}