{"id":1012,"date":"2026-04-15T11:54:59","date_gmt":"2026-04-15T09:54:59","guid":{"rendered":"https:\/\/avenir-formation.fr\/accueil\/?p=1012"},"modified":"2026-04-15T11:54:59","modified_gmt":"2026-04-15T09:54:59","slug":"accessibilite","status":"publish","type":"post","link":"https:\/\/avenir-formation.fr\/accueil\/accessibilite\/","title":{"rendered":"Accessibilit\u00e9"},"content":{"rendered":"\n<p>En application de la loi du 11\/02\/2005 pour l\u2019\u00e9galit\u00e9 des droits et des chances, la participation et la citoyennet\u00e9 des personnes handicap\u00e9es, les organismes de formation professionnelle sont tenus de proposer des conditions de formation adapt\u00e9es pour les rendre accessible \u00e0 tous.<\/p>\n\n\n\n<p>Depuis 2024, Avenir \u00ab&nbsp;former pour devenir&nbsp;\u00bb est engag\u00e9 dans la d\u00e9marche \u201caccessibilit\u00e9 pour tous\u201d de l\u2019AGEFIPH, avec le soutien de la Ressource Handicap Formation.<\/p>\n\n\n\n<p>Nous proposons aujourd\u2019hui un large panel de mesures adaptatives et inclusives que nous nous attachons \u00e0 am\u00e9liorer et d\u00e9velopper au fil du temps et de notre exp\u00e9rience. Ainsi&nbsp;:<\/p>\n\n\n\n<ol class=\"wp-block-list\">\n<li><strong>Anticipation<\/strong><\/li>\n<\/ol>\n\n\n\n<p>En plus de l\u2019information sur notre site ou sur nos programmes invitant \u00e0 signaler tous besoins en lien avec une situation de handicap, la question est abord\u00e9e avec l\u2019employeur lors de l\u2019analyse des besoins.<\/p>\n\n\n\n<p>Nous proposons des tests de positionnement aux apprenants, en amont des formations lors desquels la question est pos\u00e9e, \u00e0 l\u2019\u00e9crit et \u00e0 l\u2019oral ; une mise en relation avec La r\u00e9f\u00e9rente handicap est \u00e9galement propos\u00e9e.<\/p>\n\n\n\n<p>La convocation est l\u2019occasion de r\u00e9it\u00e9rer cette d\u00e9marche de recherche des besoins sp\u00e9cifiques ou de l\u2019initier en l\u2019absence de test pr\u00e9alable \u00e0 l\u2019entr\u00e9e en formation.<\/p>\n\n\n\n<p>Si une personne est en situation de handicap et que l\u2019apprenant et\/ou l\u2019employeur nous fait part de besoins sp\u00e9cifiques, notre r\u00e9f\u00e9rente handicap, Val\u00e9rie Ferr\u00e9, prend contact. Elle recueille les besoins et l\u2019adh\u00e9sion de l\u2019apprenant pour mettre en place les am\u00e9nagements demand\u00e9s ou propos\u00e9s avec l\u2019\u00e9quipe p\u00e9dagogique.<\/p>\n\n\n\n<p>Les coordonn\u00e9es de notre r\u00e9f\u00e9rente handicap figurent sur nos supports d\u2019information.<br><\/p>\n\n\n\n<p>2. <strong>Suivi<\/strong><\/p>\n\n\n\n<p>Au cours de la formation, La r\u00e9f\u00e9rente handicap r\u00e9alise un suivi afin de s\u2019assurer que tout va bien ou d\u2019apporter des am\u00e9nagements compl\u00e9mentaires, si n\u00e9cessaire.<\/p>\n\n\n\n<p>En fin de formation, un temps d\u2019\u00e9change est propos\u00e9 \u00e0 l\u2019apprenant pour recueillir son appr\u00e9ciation sur les am\u00e9nagements et l\u2019accompagnement dont il a b\u00e9n\u00e9fici\u00e9.<\/p>\n\n\n\n<p>3. <strong>L\u2019accessibilit\u00e9 physique<\/strong><\/p>\n\n\n\n<p>Dans nos locaux \u00e0 Saint-Pierre-l\u00e8s-Elbeuf, une salle de formation et des sanitaires au rez-de-chauss\u00e9e sont accessibles aux personnes \u00e0 mobilit\u00e9 r\u00e9duite&nbsp;; une place de stationnement leur est r\u00e9serv\u00e9e \u00e0 proximit\u00e9 de l\u2019entr\u00e9e de la salle de formation.<\/p>\n\n\n\n<p>Nous veillons \u00e0 ce que l\u2019\u00e9clairage et le niveau sonore restent agr\u00e9ables pour tous. Des lieux de pause isol\u00e9s peuvent \u00eatre mis \u00e0 disposition des personnes qui en auraient besoin.<\/p>\n\n\n\n<p>4. <strong>Adaptations mat\u00e9rielles<\/strong><\/p>\n\n\n\n<p>Des tablettes sont couramment utilis\u00e9es pendant la formation. Elles permettent notamment aux personnes malvoyantes d\u2019augmenter la taille des documents propos\u00e9s.<\/p>\n\n\n\n<p>Par ailleurs, nous utilisons le LMS Moodle qui permet de nombreuses adaptations pour rendre accessible la formation, recens\u00e9es sur leur site&nbsp;: <a href=\"https:\/\/moodle.com\/fr\/integrations-avec-moodle\/moodle-accessibilite\/\">https:\/\/moodle.com\/fr\/integrations-avec-moodle\/moodle-accessibilite\/<\/a><\/p>\n\n\n\n<p>Concernant nos documents papiers, nous utilisons des polices claires et lisibles, sans empattement, avec une pr\u00e9sentation qui \u00e9vite la surcharge visuelle. Pour les personnes dys pour qui cela pr\u00e9sente un b\u00e9n\u00e9fice, nous pouvons utiliser des couleurs contrast\u00e9es dans les textes. Nous pouvons utiliser des convertisseurs de texte en parole comme <a href=\"https:\/\/speechgen.io\/fr\/\">https:\/\/speechgen.io\/fr\/<\/a><\/p>\n\n\n\n<p>5. <strong>Les am\u00e9nagements temporels<\/strong><\/p>\n\n\n\n<p>Les personnes ayant des difficult\u00e9s de concentration ou de fatigue peuvent b\u00e9n\u00e9ficier de temps de pause plus nombreux, de davantage de temps pour r\u00e9aliser les \u00e9valuations ou des horaires am\u00e9nag\u00e9s. Des m\u00e9thodes d\u2019\u00e9valuation adaptatives peuvent aussi \u00eatre propos\u00e9es.<\/p>\n\n\n\n<p>6. <strong>Formation des formatrices<\/strong><\/p>\n\n\n\n<p>Toutes les formatrices, permanentes ou sous-traitantes, sont r\u00e9guli\u00e8rement sensibilis\u00e9es au handicap par notre r\u00e9f\u00e9rente handicap. Les formatrices permanentes ont \u00e9t\u00e9 form\u00e9es \u00e0 l\u2019accueil des personnes handicap\u00e9es, en particulier les handicaps cognitifs et troubles de l\u2019apprentissage.<\/p>\n\n\n\n<p>7. <strong>Promotion d\u2019un environnement inclusif<\/strong><\/p>\n\n\n\n<p>Nous encourageons la sensibilisation et le respect mutuel entre les apprenants afin de cr\u00e9er un environnement inclusif et accueillant pour tous.<\/p>\n","protected":false},"excerpt":{"rendered":"<p>En application de la loi du 11\/02\/2005 pour l\u2019\u00e9galit\u00e9 des droits et des chances, la participation et la citoyennet\u00e9 des personnes handicap\u00e9es, les organismes de formation professionnelle sont tenus de proposer des conditions de formation adapt\u00e9es pour les rendre accessible \u00e0 tous. Depuis 2024, Avenir \u00ab&nbsp;former pour devenir&nbsp;\u00bb est engag\u00e9 dans la d\u00e9marche \u201caccessibilit\u00e9 pour&#8230;<\/p>\n","protected":false},"author":1,"featured_media":0,"comment_status":"open","ping_status":"open","sticky":false,"template":"","format":"standard","meta":{"_kad_post_transparent":"","_kad_post_title":"","_kad_post_layout":"","_kad_post_sidebar_id":"","_kad_post_content_style":"","_kad_post_vertical_padding":"","_kad_post_feature":"","_kad_post_feature_position":"","_kad_post_header":false,"_kad_post_footer":false,"_kad_post_classname":"","slim_seo":{"title":"Accessibilit\u00e9 - Avenir &quot;former pour devenir&quot;","description":"En application de la loi du 11\/02\/2005 pour l\u2019\u00e9galit\u00e9 des droits et des chances, la participation et la citoyennet\u00e9 des personnes handicap\u00e9es, les organismes de"},"footnotes":""},"categories":[1],"tags":[],"class_list":["post-1012","post","type-post","status-publish","format-standard","hentry","category-non-classe"],"_links":{"self":[{"href":"https:\/\/avenir-formation.fr\/accueil\/wp-json\/wp\/v2\/posts\/1012","targetHints":{"allow":["GET"]}}],"collection":[{"href":"https:\/\/avenir-formation.fr\/accueil\/wp-json\/wp\/v2\/posts"}],"about":[{"href":"https:\/\/avenir-formation.fr\/accueil\/wp-json\/wp\/v2\/types\/post"}],"author":[{"embeddable":true,"href":"https:\/\/avenir-formation.fr\/accueil\/wp-json\/wp\/v2\/users\/1"}],"replies":[{"embeddable":true,"href":"https:\/\/avenir-formation.fr\/accueil\/wp-json\/wp\/v2\/comments?post=1012"}],"version-history":[{"count":1,"href":"https:\/\/avenir-formation.fr\/accueil\/wp-json\/wp\/v2\/posts\/1012\/revisions"}],"predecessor-version":[{"id":1013,"href":"https:\/\/avenir-formation.fr\/accueil\/wp-json\/wp\/v2\/posts\/1012\/revisions\/1013"}],"wp:attachment":[{"href":"https:\/\/avenir-formation.fr\/accueil\/wp-json\/wp\/v2\/media?parent=1012"}],"wp:term":[{"taxonomy":"category","embeddable":true,"href":"https:\/\/avenir-formation.fr\/accueil\/wp-json\/wp\/v2\/categories?post=1012"},{"taxonomy":"post_tag","embeddable":true,"href":"https:\/\/avenir-formation.fr\/accueil\/wp-json\/wp\/v2\/tags?post=1012"}],"curies":[{"name":"wp","href":"https:\/\/api.w.org\/{rel}","templated":true}]}}